{"id":3555,"date":"2023-03-06T20:29:17","date_gmt":"2023-03-06T20:29:17","guid":{"rendered":"https:\/\/staging3.nomademedia.ca\/2023\/03\/06\/conferencia-de-la-ies-sobre-alumbrado-de-calles-y-zonas-dallas-tx\/"},"modified":"2023-03-23T17:05:32","modified_gmt":"2023-03-23T17:05:32","slug":"conferencia-de-la-ies-sobre-alumbrado-de-calles-y-zonas-dallas-tx","status":"publish","type":"post","link":"https:\/\/www.nyx-hemera.com\/es\/2023\/03\/06\/conferencia-de-la-ies-sobre-alumbrado-de-calles-y-zonas-dallas-tx\/","title":{"rendered":"CONFERENCIA DE LA IES SOBRE ALUMBRADO DE CALLES Y ZONAS, DALLAS, TX"},"content":{"rendered":"\t\t<div data-elementor-type=\"wp-post\" data-elementor-id=\"3555\" class=\"elementor elementor-3555 elementor-1936\" data-elementor-post-type=\"post\">\n\t\t\t\t\t\t<section class=\"elementor-section elementor-top-section elementor-element elementor-element-ca980c8 elementor-section-stretched elementor-section-boxed elementor-section-height-default elementor-section-height-default\" data-id=\"ca980c8\" data-element_type=\"section\" data-e-type=\"section\" data-settings=\"{&quot;jet_parallax_layout_list&quot;:[],&quot;stretch_section&quot;:&quot;section-stretched&quot;}\">\n\t\t\t\t\t\t<div class=\"elementor-container elementor-column-gap-default\">\n\t\t\t\t\t<div class=\"elementor-column elementor-col-100 elementor-top-column elementor-element elementor-element-033be1d\" data-id=\"033be1d\" data-element_type=\"column\" data-e-type=\"column\">\n\t\t\t<div class=\"elementor-widget-wrap elementor-element-populated\">\n\t\t\t\t\t\t<div class=\"elementor-element elementor-element-f7c84e7 elementor-tablet-align-center elementor-align-left elementor-widget elementor-widget-raven-heading\" data-id=\"f7c84e7\" data-element_type=\"widget\" data-e-type=\"widget\" data-widget_type=\"raven-heading.default\">\n\t\t\t\t<div class=\"elementor-widget-container\">\n\t\t\t\t\t\t\t<div class=\"raven-widget-wrapper\"><h1 class=\"raven-heading raven-heading-h1\"><span class=\"raven-heading-title \">CONFERENCIA DE LA IES SOBRE ALUMBRADO DE CALLES Y ZONAS, DALLAS, TX<\/span><\/h1><\/div>\n\t\t\t\t\t\t<\/div>\n\t\t\t\t<\/div>\n\t\t\t\t<div class=\"elementor-element elementor-element-f7a4304 elementor-mobile-align-center elementor-widget elementor-widget-raven-divider\" data-id=\"f7a4304\" data-element_type=\"widget\" data-e-type=\"widget\" data-widget_type=\"raven-divider.default\">\n\t\t\t\t<div class=\"elementor-widget-container\">\n\t\t\t\t\t\t\t<div class=\"raven-widget-wrapper\">\n\t\t\t<div class=\"raven-divider\">\n\t\t\t\t<span class=\"raven-divider-line raven-divider-solid\"><\/span>\n\t\t\t<\/div>\n\t\t<\/div>\n\t\t\t\t\t\t<\/div>\n\t\t\t\t<\/div>\n\t\t\t\t\t<\/div>\n\t\t<\/div>\n\t\t\t\t\t<\/div>\n\t\t<\/section>\n\t\t\t\t<section class=\"elementor-section elementor-top-section elementor-element elementor-element-c6e3d82 elementor-section-stretched elementor-reverse-tablet elementor-reverse-mobile elementor-section-boxed elementor-section-height-default elementor-section-height-default\" data-id=\"c6e3d82\" data-element_type=\"section\" data-e-type=\"section\" data-settings=\"{&quot;stretch_section&quot;:&quot;section-stretched&quot;,&quot;jet_parallax_layout_list&quot;:[]}\">\n\t\t\t\t\t\t<div class=\"elementor-container elementor-column-gap-default\">\n\t\t\t\t\t<div class=\"elementor-column elementor-col-50 elementor-top-column elementor-element elementor-element-a76b2a1\" data-id=\"a76b2a1\" data-element_type=\"column\" data-e-type=\"column\">\n\t\t\t<div class=\"elementor-widget-wrap elementor-element-populated\">\n\t\t\t\t\t\t<div class=\"elementor-element elementor-element-e9c0843 elementor-widget elementor-widget-text-editor\" data-id=\"e9c0843\" data-element_type=\"widget\" data-e-type=\"widget\" data-widget_type=\"text-editor.default\">\n\t\t\t\t<div class=\"elementor-widget-container\">\n\t\t\t\t\t\t\t\t\t<p>El equipo de ventas y marketing de Nyx Hemera Technologies estar\u00e1 en el stand 304 de la conferencia IES SALC, que se celebrar\u00e1 del 11 al 13 de octubre en Dallas, Texas.<\/p>\n<p>Nyx Hemera Technologies presentar\u00e1 la nueva versi\u00f3n integrada de TLACS-U, su soluci\u00f3n inteligente de control del alumbrado para metros y t\u00faneles cortos.<\/p>\n<p>La conferencia IES SALC es el \u00fanico foro espec\u00edfico para los intereses y retos de los profesionales del alumbrado p\u00fablico y exterior en Norteam\u00e9rica.<\/p>\n<p><a href=\"https:\/\/www.ies.org\/event\/2022-street-and-area-lighting-conference\/\">https:\/\/www.ies.org\/event\/2022-street-and-area-lighting-conference\/<\/a><\/p>\n\t\t\t\t\t\t\t\t<\/div>\n\t\t\t\t<\/div>\n\t\t\t\t<div class=\"elementor-element elementor-element-e8cca1e elementor-widget elementor-widget-raven-social-share\" data-id=\"e8cca1e\" data-element_type=\"widget\" data-e-type=\"widget\" data-widget_type=\"raven-social-share.default\">\n\t\t\t\t<div class=\"elementor-widget-container\">\n\t\t\t\t\t\n\t\t<div class=\"jupiterx-social-share-wrapper jupiterx-social-share-wrapper-col-0 jupiterx-social-share-view-icon-text\" id=\"jupiterx-social-share-widget-wrapper\" >\n\t\t\t\t\t\t\t\t<div class=\"jupiterx-social-share-skin-gradient\" role=\"button\" aria-label=\"hidden\" >\n\t\t\t\t<div class=\"jupiterx-social-share-button jupiterx-social-share-widget-facebook\" data-network=\"facebook\" >\n\t\t\t\t\t\t\t\t\t\t\t<span class=\"jupiterx-social-share-button-icon\">\n\t\t\t\t\t\t\t<i class=\"fab fa-facebook\" aria-hidden=\"true\"><\/i>\t\t\t\t\t\t<\/span>\n\t\t\t\t\t\n\t\t\t\t\t\t\t\t\t\t\t<span class=\"jupiterx-social-share-button-title\">\n\t\t\t\t\t\t\tFacebook\t\t\t\t\t\t<\/span>\n\t\t\t\t\t\t\t\t\t<\/div>\n\t\t\t<\/div>\n\t\t\t\t\t\t\t\t<div class=\"jupiterx-social-share-skin-gradient\" role=\"button\" aria-label=\"hidden\" >\n\t\t\t\t<div class=\"jupiterx-social-share-button jupiterx-social-share-widget-twitter\" data-network=\"twitter\" >\n\t\t\t\t\t\t\t\t\t\t\t<span class=\"jupiterx-social-share-button-icon\">\n\t\t\t\t\t\t\t<i class=\"fab fa-x-twitter\" aria-hidden=\"true\"><\/i>\t\t\t\t\t\t<\/span>\n\t\t\t\t\t\n\t\t\t\t\t\t\t\t\t\t\t<span class=\"jupiterx-social-share-button-title\">\n\t\t\t\t\t\t\tX\t\t\t\t\t\t<\/span>\n\t\t\t\t\t\t\t\t\t<\/div>\n\t\t\t<\/div>\n\t\t\t\t\t\t\t\t<div class=\"jupiterx-social-share-skin-gradient\" role=\"button\" aria-label=\"hidden\" >\n\t\t\t\t<div class=\"jupiterx-social-share-button jupiterx-social-share-widget-linkedin\" data-network=\"linkedin\" >\n\t\t\t\t\t\t\t\t\t\t\t<span class=\"jupiterx-social-share-button-icon\">\n\t\t\t\t\t\t\t<i class=\"fab fa-linkedin\" aria-hidden=\"true\"><\/i>\t\t\t\t\t\t<\/span>\n\t\t\t\t\t\n\t\t\t\t\t\t\t\t\t\t\t<span class=\"jupiterx-social-share-button-title\">\n\t\t\t\t\t\t\tLinkedin\t\t\t\t\t\t<\/span>\n\t\t\t\t\t\t\t\t\t<\/div>\n\t\t\t<\/div>\n\t\t\t\t\t<input type=\"hidden\" id=\"jupiterx-social-share-target\" value=\"https:\/\/www.nyx-hemera.com\/es\/2023\/03\/06\/conferencia-de-la-ies-sobre-alumbrado-de-calles-y-zonas-dallas-tx\/\" >\n\t\t\t<input type=\"hidden\" id=\"jupiterx-social-share-title\" value=\"CONFERENCIA DE LA IES SOBRE ALUMBRADO DE CALLES Y ZONAS, DALLAS, TX\" >\n\t\t\t<input type=\"hidden\" id=\"jupiterx-social-share-image\" value=\"\" >\n\t\t<\/div>\n\n\t\t\t\t\t\t<\/div>\n\t\t\t\t<\/div>\n\t\t\t\t\t<\/div>\n\t\t<\/div>\n\t\t\t\t<div class=\"elementor-column elementor-col-50 elementor-top-column elementor-element elementor-element-3dbff35\" data-id=\"3dbff35\" data-element_type=\"column\" data-e-type=\"column\">\n\t\t\t<div class=\"elementor-widget-wrap elementor-element-populated\">\n\t\t\t\t\t\t<div class=\"elementor-element elementor-element-77914c1 elementor-widget elementor-widget-image\" data-id=\"77914c1\" data-element_type=\"widget\" data-e-type=\"widget\" data-widget_type=\"image.default\">\n\t\t\t\t<div class=\"elementor-widget-container\">\n\t\t\t\t\t\t\t\t\t\t\t\t\t\t\t<img decoding=\"async\" width=\"227\" height=\"122\" src=\"https:\/\/www.nyx-hemera.com\/wp-content\/uploads\/2023\/03\/Picture1.png\" class=\"attachment-large size-large wp-image-3135\" alt=\"\" \/>\t\t\t\t\t\t\t\t\t\t\t\t\t\t\t<\/div>\n\t\t\t\t<\/div>\n\t\t\t\t\t<\/div>\n\t\t<\/div>\n\t\t\t\t\t<\/div>\n\t\t<\/section>\n\t\t\t\t<\/div>\n\t\t","protected":false},"excerpt":{"rendered":"<p>El equipo de ventas y marketing de Nyx Hemera Technologies estar\u00e1 en el stand 304 de la conferencia IES SALC, que se celebrar\u00e1 del 11 al 13 de octubre en Dallas, Texas. Nyx Hemera Technologies presentar\u00e1 la nueva versi\u00f3n integrada de TLACS-U, su soluci\u00f3n inteligente de control del alumbrado para metros y t\u00faneles cortos. La [&hellip;]<\/p>\n","protected":false},"author":1,"featured_media":0,"comment_status":"closed","ping_status":"closed","sticky":false,"template":"","format":"standard","meta":{"_acf_changed":false,"om_disable_all_campaigns":false,"_monsterinsights_skip_tracking":false,"_monsterinsights_sitenote_active":false,"_monsterinsights_sitenote_note":"","_monsterinsights_sitenote_category":0,"footnotes":""},"categories":[52],"tags":[],"class_list":["post-3555","post","type-post","status-publish","format-standard","hentry","category-eventos"],"acf":[],"_links":{"self":[{"href":"https:\/\/www.nyx-hemera.com\/es\/wp-json\/wp\/v2\/posts\/3555","targetHints":{"allow":["GET"]}}],"collection":[{"href":"https:\/\/www.nyx-hemera.com\/es\/wp-json\/wp\/v2\/posts"}],"about":[{"href":"https:\/\/www.nyx-hemera.com\/es\/wp-json\/wp\/v2\/types\/post"}],"author":[{"embeddable":true,"href":"https:\/\/www.nyx-hemera.com\/es\/wp-json\/wp\/v2\/users\/1"}],"replies":[{"embeddable":true,"href":"https:\/\/www.nyx-hemera.com\/es\/wp-json\/wp\/v2\/comments?post=3555"}],"version-history":[{"count":0,"href":"https:\/\/www.nyx-hemera.com\/es\/wp-json\/wp\/v2\/posts\/3555\/revisions"}],"wp:attachment":[{"href":"https:\/\/www.nyx-hemera.com\/es\/wp-json\/wp\/v2\/media?parent=3555"}],"wp:term":[{"taxonomy":"category","embeddable":true,"href":"https:\/\/www.nyx-hemera.com\/es\/wp-json\/wp\/v2\/categories?post=3555"},{"taxonomy":"post_tag","embeddable":true,"href":"https:\/\/www.nyx-hemera.com\/es\/wp-json\/wp\/v2\/tags?post=3555"}],"curies":[{"name":"wp","href":"https:\/\/api.w.org\/{rel}","templated":true}]}}